{"id":15865,"date":"2026-02-10T09:24:50","date_gmt":"2026-02-10T08:24:50","guid":{"rendered":"https:\/\/dnvimatis.com\/no\/?p=15865"},"modified":"2026-02-12T11:32:03","modified_gmt":"2026-02-12T10:32:03","slug":"laerlinger-holder-arbeidsmiljoet-pa-dnv-imatis-vitalt","status":"publish","type":"post","link":"https:\/\/dnvimatis.com\/no\/laerlinger-holder-arbeidsmiljoet-pa-dnv-imatis-vitalt\/","title":{"rendered":"L\u00e6rlinger holder arbeidsmilj\u00f8et p\u00e5 DNV Imatis vitalt"},"content":{"rendered":"\t\t<div data-elementor-type=\"wp-post\" data-elementor-id=\"15865\" class=\"elementor elementor-15865\" data-elementor-post-type=\"post\">\n\t\t\t\t\t\t<section class=\"elementor-section elementor-top-section elementor-element elementor-element-fd3d93b elementor-section-boxed elementor-section-height-default elementor-section-height-default\" data-id=\"fd3d93b\" data-element_type=\"section\" data-e-type=\"section\">\n\t\t\t\t\t\t<div class=\"elementor-container elementor-column-gap-default\">\n\t\t\t\t\t<div class=\"elementor-column elementor-col-100 elementor-top-column elementor-element elementor-element-27e9cf7\" data-id=\"27e9cf7\" data-element_type=\"column\" data-e-type=\"column\">\n\t\t\t<div class=\"elementor-widget-wrap elementor-element-populated\">\n\t\t\t\t\t\t<div class=\"elementor-element elementor-element-f95e9b0 elementor-widget elementor-widget-heading\" data-id=\"f95e9b0\" data-element_type=\"widget\" data-e-type=\"widget\" data-widget_type=\"heading.default\">\n\t\t\t\t<div class=\"elementor-widget-container\">\n\t\t\t\t\t<h1 class=\"elementor-heading-title elementor-size-default\">L\u00e6rlinger holder arbeidsmilj\u00f8et p\u00e5 DNV Imatis vitalt<\/h1>\t\t\t\t<\/div>\n\t\t\t\t<\/div>\n\t\t\t\t<div class=\"elementor-element elementor-element-5fa7a14 elementor-widget elementor-widget-text-editor\" data-id=\"5fa7a14\" data-element_type=\"widget\" data-e-type=\"widget\" data-widget_type=\"text-editor.default\">\n\t\t\t\t<div class=\"elementor-widget-container\">\n\t\t\t\t\t\t\t\t\t<p><em>Forfatter:\u00a0Guro Brudvik Dalene, kontaktl\u00e6rer informasjonsteknologi og medieproduksjon ved Porsgrunn vgs<\/em><\/p>\t\t\t\t\t\t\t\t<\/div>\n\t\t\t\t<\/div>\n\t\t\t\t<div class=\"elementor-element elementor-element-82c2e3a elementor-widget elementor-widget-text-editor\" data-id=\"82c2e3a\" data-element_type=\"widget\" data-e-type=\"widget\" data-widget_type=\"text-editor.default\">\n\t\t\t\t<div class=\"elementor-widget-container\">\n\t\t\t\t\t\t\t\t\t<p>I utviklingsavdelingen hos DNV Imatis jobber hele tre unge herrer som har g\u00e5tt p\u00e5 IM p\u00e5 Porsgrunn videreg\u00e5ende skole. Aksel Kragset Pleym og Christopher Kittilsen har f\u00e5tt fast jobb som utviklere, mens Illia Nikolaiev er l\u00e6rling p\u00e5 f\u00f8rste \u00e5ret. I tillegg har Martin Belko f\u00e5tt fast jobb som driftstekniker, og Mathias Skaugen er l\u00e6rling i samme avdeling.\u00a0<\/p>\t\t\t\t\t\t\t\t<\/div>\n\t\t\t\t<\/div>\n\t\t\t\t\t<\/div>\n\t\t<\/div>\n\t\t\t\t\t<\/div>\n\t\t<\/section>\n\t\t\t\t<section class=\"elementor-section elementor-top-section elementor-element elementor-element-16136c7 elementor-section-boxed elementor-section-height-default elementor-section-height-default\" data-id=\"16136c7\" data-element_type=\"section\" data-e-type=\"section\">\n\t\t\t\t\t\t<div class=\"elementor-container elementor-column-gap-default\">\n\t\t\t\t\t<div class=\"elementor-column elementor-col-100 elementor-top-column elementor-element elementor-element-34a3fa4\" data-id=\"34a3fa4\" data-element_type=\"column\" data-e-type=\"column\">\n\t\t\t<div class=\"elementor-widget-wrap elementor-element-populated\">\n\t\t\t\t\t\t<section class=\"elementor-section elementor-inner-section elementor-element elementor-element-bf83581 elementor-section-boxed elementor-section-height-default elementor-section-height-default\" data-id=\"bf83581\" data-element_type=\"section\" data-e-type=\"section\">\n\t\t\t\t\t\t<div class=\"elementor-container elementor-column-gap-default\">\n\t\t\t\t\t<div class=\"elementor-column elementor-col-50 elementor-inner-column elementor-element elementor-element-070d0c4\" data-id=\"070d0c4\" data-element_type=\"column\" data-e-type=\"column\">\n\t\t\t<div class=\"elementor-widget-wrap elementor-element-populated\">\n\t\t\t\t\t\t<div class=\"elementor-element elementor-element-d95d950 elementor-widget elementor-widget-image\" data-id=\"d95d950\" data-element_type=\"widget\" data-e-type=\"widget\" data-widget_type=\"image.default\">\n\t\t\t\t<div class=\"elementor-widget-container\">\n\t\t\t\t\t\t\t\t\t\t\t\t\t\t\t<img fetchpriority=\"high\" decoding=\"async\" width=\"1200\" height=\"768\" src=\"https:\/\/dnvimatis.com\/no\/wp-content\/uploads\/sites\/2\/2026\/02\/De-unge-oppstilt.jpg\" class=\"attachment-1536x1536 size-1536x1536 wp-image-15867\" alt=\"\" srcset=\"https:\/\/dnvimatis.com\/no\/wp-content\/uploads\/sites\/2\/2026\/02\/De-unge-oppstilt.jpg 1200w, https:\/\/dnvimatis.com\/no\/wp-content\/uploads\/sites\/2\/2026\/02\/De-unge-oppstilt-300x192.jpg 300w, https:\/\/dnvimatis.com\/no\/wp-content\/uploads\/sites\/2\/2026\/02\/De-unge-oppstilt-1024x655.jpg 1024w, https:\/\/dnvimatis.com\/no\/wp-content\/uploads\/sites\/2\/2026\/02\/De-unge-oppstilt-768x492.jpg 768w\" sizes=\"(max-width: 1200px) 100vw, 1200px\" \/>\t\t\t\t\t\t\t\t\t\t\t\t\t\t\t<\/div>\n\t\t\t\t<\/div>\n\t\t\t\t<div class=\"elementor-element elementor-element-be252f2 elementor-widget elementor-widget-text-editor\" data-id=\"be252f2\" data-element_type=\"widget\" data-e-type=\"widget\" data-widget_type=\"text-editor.default\">\n\t\t\t\t<div class=\"elementor-widget-container\">\n\t\t\t\t\t\t\t\t\t<p><em>Foran Christopher, bak fra venstre Mathias, Martin, Illia og Aksel. Foto: Guro Brudvik Dalene<\/em><\/p>\t\t\t\t\t\t\t\t<\/div>\n\t\t\t\t<\/div>\n\t\t\t\t\t<\/div>\n\t\t<\/div>\n\t\t\t\t<div class=\"elementor-column elementor-col-50 elementor-inner-column elementor-element elementor-element-3d33b7b\" data-id=\"3d33b7b\" data-element_type=\"column\" data-e-type=\"column\">\n\t\t\t<div class=\"elementor-widget-wrap elementor-element-populated\">\n\t\t\t\t\t\t<div class=\"elementor-element elementor-element-7397ff5 elementor-widget elementor-widget-text-editor\" data-id=\"7397ff5\" data-element_type=\"widget\" data-e-type=\"widget\" data-widget_type=\"text-editor.default\">\n\t\t\t\t<div class=\"elementor-widget-container\">\n\t\t\t\t\t\t\t\t\t<p>De tidligere <a href=\"https:\/\/www.telemarkfylke.no\/no\/skoler\/porsgrunn-vgs\/meny\/opplaringstilbud\/informasjonsteknologi-og-medieproduksjon\/\">IM-elevene<\/a> er med og videreutvikler og vedlikeholder DNV Imatis\u2019 systemer for velferdsteknologi. Alle fem har blitt tatt godt imot i firmaet. De har blitt inkludert fra f\u00f8rste stund, blitt utfordret til \u00e5 l\u00f8se oppgaver og til \u00e5 ta ansvar. Teamleder Bj\u00f8rn Andr\u00e9 Hagen og senior l\u00f8sningsarkitekt Fredrik Salomonsen forteller at det er givende \u00e5 jobbe med de unge og at l\u00e6rlingene er med \u00e5 holde arbeidsmilj\u00f8et vitalt og oppdatert. Ofte ser de andre l\u00f8sninger enn de eldre, mer erfarne kollegaene har tenkt p\u00e5.\u00a0<\/p>\t\t\t\t\t\t\t\t<\/div>\n\t\t\t\t<\/div>\n\t\t\t\t<div class=\"elementor-element elementor-element-a7936ab elementor-widget elementor-widget-heading\" data-id=\"a7936ab\" data-element_type=\"widget\" data-e-type=\"widget\" data-widget_type=\"heading.default\">\n\t\t\t\t<div class=\"elementor-widget-container\">\n\t\t\t\t\t<h2 class=\"elementor-heading-title elementor-size-default\">Partnerskapsavtale<\/h2>\t\t\t\t<\/div>\n\t\t\t\t<\/div>\n\t\t\t\t<div class=\"elementor-element elementor-element-2d4815a elementor-widget elementor-widget-text-editor\" data-id=\"2d4815a\" data-element_type=\"widget\" data-e-type=\"widget\" data-widget_type=\"text-editor.default\">\n\t\t\t\t<div class=\"elementor-widget-container\">\n\t\t\t\t\t\t\t\t\t<p>Yrkesfagsutdanningene p\u00e5 videreg\u00e5ende skole er avhengig av et godt samarbeid med b\u00e5de offentlige sektor og privat n\u00e6ringsliv for \u00e5 oppfylle oppdraget om \u00e5 gi unge en relevant erfaring med en fremtidig jobb de kan mestre og trives med.<\/p>\t\t\t\t\t\t\t\t<\/div>\n\t\t\t\t<\/div>\n\t\t\t\t\t<\/div>\n\t\t<\/div>\n\t\t\t\t\t<\/div>\n\t\t<\/section>\n\t\t\t\t<section class=\"elementor-section elementor-inner-section elementor-element elementor-element-cffd4f7 elementor-section-boxed elementor-section-height-default elementor-section-height-default\" data-id=\"cffd4f7\" data-element_type=\"section\" data-e-type=\"section\">\n\t\t\t\t\t\t<div class=\"elementor-container elementor-column-gap-default\">\n\t\t\t\t\t<div class=\"elementor-column elementor-col-100 elementor-inner-column elementor-element elementor-element-c8dede1\" data-id=\"c8dede1\" data-element_type=\"column\" data-e-type=\"column\">\n\t\t\t<div class=\"elementor-widget-wrap elementor-element-populated\">\n\t\t\t\t\t\t<div class=\"elementor-element elementor-element-f81d14a elementor-widget elementor-widget-image\" data-id=\"f81d14a\" data-element_type=\"widget\" data-e-type=\"widget\" data-widget_type=\"image.default\">\n\t\t\t\t<div class=\"elementor-widget-container\">\n\t\t\t\t\t\t\t\t\t\t\t\t\t\t\t<img decoding=\"async\" width=\"1200\" height=\"638\" src=\"https:\/\/dnvimatis.com\/no\/wp-content\/uploads\/sites\/2\/2026\/02\/Demonstrasjon-av-en-takmontert-sensor-som-registrerer-nar-pasienten-faller-og-automatisk-sender-et-varsel-med-bilde.jpg\" class=\"attachment-full size-full wp-image-15873\" alt=\"\" srcset=\"https:\/\/dnvimatis.com\/no\/wp-content\/uploads\/sites\/2\/2026\/02\/Demonstrasjon-av-en-takmontert-sensor-som-registrerer-nar-pasienten-faller-og-automatisk-sender-et-varsel-med-bilde.jpg 1200w, https:\/\/dnvimatis.com\/no\/wp-content\/uploads\/sites\/2\/2026\/02\/Demonstrasjon-av-en-takmontert-sensor-som-registrerer-nar-pasienten-faller-og-automatisk-sender-et-varsel-med-bilde-300x160.jpg 300w, https:\/\/dnvimatis.com\/no\/wp-content\/uploads\/sites\/2\/2026\/02\/Demonstrasjon-av-en-takmontert-sensor-som-registrerer-nar-pasienten-faller-og-automatisk-sender-et-varsel-med-bilde-1024x544.jpg 1024w, https:\/\/dnvimatis.com\/no\/wp-content\/uploads\/sites\/2\/2026\/02\/Demonstrasjon-av-en-takmontert-sensor-som-registrerer-nar-pasienten-faller-og-automatisk-sender-et-varsel-med-bilde-768x408.jpg 768w\" sizes=\"(max-width: 1200px) 100vw, 1200px\" \/>\t\t\t\t\t\t\t\t\t\t\t\t\t\t\t<\/div>\n\t\t\t\t<\/div>\n\t\t\t\t<div class=\"elementor-element elementor-element-ef00546 elementor-widget elementor-widget-text-editor\" data-id=\"ef00546\" data-element_type=\"widget\" data-e-type=\"widget\" data-widget_type=\"text-editor.default\">\n\t\t\t\t<div class=\"elementor-widget-container\">\n\t\t\t\t\t\t\t\t\t<p><em>Aksel og Illia viser hvordan en sensor montert i taket registrerer at \u00abpasienten\u00bb Illia faller p\u00e5 gulvet, og gir varsling med bilde. Varselet kan Aksel lese av p\u00e5 sin maskin. Dette er teknologi som er i bruk i blant annet eldreomsorg flere steder b\u00e5de i Norge og i utlandet. Foto: Guro Brudvik Dalene<\/em><\/p>\t\t\t\t\t\t\t\t<\/div>\n\t\t\t\t<\/div>\n\t\t\t\t\t<\/div>\n\t\t<\/div>\n\t\t\t\t\t<\/div>\n\t\t<\/section>\n\t\t\t\t<section class=\"elementor-section elementor-inner-section elementor-element elementor-element-32435a0 elementor-section-boxed elementor-section-height-default elementor-section-height-default\" data-id=\"32435a0\" data-element_type=\"section\" data-e-type=\"section\">\n\t\t\t\t\t\t<div class=\"elementor-container elementor-column-gap-default\">\n\t\t\t\t\t<div class=\"elementor-column elementor-col-50 elementor-inner-column elementor-element elementor-element-eb68b4e\" data-id=\"eb68b4e\" data-element_type=\"column\" data-e-type=\"column\">\n\t\t\t<div class=\"elementor-widget-wrap elementor-element-populated\">\n\t\t\t\t\t\t<div class=\"elementor-element elementor-element-00082aa elementor-widget elementor-widget-text-editor\" data-id=\"00082aa\" data-element_type=\"widget\" data-e-type=\"widget\" data-widget_type=\"text-editor.default\">\n\t\t\t\t<div class=\"elementor-widget-container\">\n\t\t\t\t\t\t\t\t\t<p>Porsgrunn videreg\u00e5ende skole samarbeider godt med mange lokale akt\u00f8rer i Telemark. Siden 2021 har vi hatt en partnerskapsavtale med porsgrunnsfirmaet Procano. Procano har lang tradisjon for \u00e5 ta imot l\u00e6rlinger; f\u00f8rst i IKT-service-faget og n\u00e5 innen IT-driftsfaget. Mange av disse har endt opp med fast jobb i firmaet.<\/p><p>I januar 2026 signerte vi en tilsvarende avtale med DNV Imatis knyttet til IT-utviklerfaget. Avtalen sikrer et tett samarbeid rundt praksis- og l\u00e6replasser for elevene. DNV Imatis utvikler digitale samhandlingsl\u00f8sninger for helsesektoren, b\u00e5de nasjonalt og internasjonalt. Firmaet har siden 2022 tatt imot l\u00e6rlinger fra IM, og skolen setter stor pris p\u00e5 hvordan praksiselever og l\u00e6rlinger blir tatt imot hos dem i det som kanskje er deres f\u00f8rste m\u00f8te med arbeidslivet. De er et firma i vekst, og de unge, lokale fagarbeiderne er en viktig del av denne veksten. Om de skulle \u00f8nske videre utdanning etter noen \u00e5r, har DNV Imatis et samarbeid med USN om videreutdanning p\u00e5 h\u00f8yere niv\u00e5 ved siden av jobben.<\/p>\t\t\t\t\t\t\t\t<\/div>\n\t\t\t\t<\/div>\n\t\t\t\t\t<\/div>\n\t\t<\/div>\n\t\t\t\t<div class=\"elementor-column elementor-col-50 elementor-inner-column elementor-element elementor-element-1724ee5\" data-id=\"1724ee5\" data-element_type=\"column\" data-e-type=\"column\">\n\t\t\t<div class=\"elementor-widget-wrap elementor-element-populated\">\n\t\t\t\t\t\t<div class=\"elementor-element elementor-element-e28cff7 elementor-widget elementor-widget-image\" data-id=\"e28cff7\" data-element_type=\"widget\" data-e-type=\"widget\" data-widget_type=\"image.default\">\n\t\t\t\t<div class=\"elementor-widget-container\">\n\t\t\t\t\t\t\t\t\t\t\t\t\t\t\t<img decoding=\"async\" width=\"1024\" height=\"683\" src=\"https:\/\/dnvimatis.com\/no\/wp-content\/uploads\/sites\/2\/2026\/02\/Partnerskapsavtale-mellom-Porsgrunn-vgs-og-DNV-Imatis-1024x683.jpg\" class=\"attachment-large size-large wp-image-15872\" alt=\"\" srcset=\"https:\/\/dnvimatis.com\/no\/wp-content\/uploads\/sites\/2\/2026\/02\/Partnerskapsavtale-mellom-Porsgrunn-vgs-og-DNV-Imatis-1024x683.jpg 1024w, https:\/\/dnvimatis.com\/no\/wp-content\/uploads\/sites\/2\/2026\/02\/Partnerskapsavtale-mellom-Porsgrunn-vgs-og-DNV-Imatis-300x200.jpg 300w, https:\/\/dnvimatis.com\/no\/wp-content\/uploads\/sites\/2\/2026\/02\/Partnerskapsavtale-mellom-Porsgrunn-vgs-og-DNV-Imatis-768x512.jpg 768w, https:\/\/dnvimatis.com\/no\/wp-content\/uploads\/sites\/2\/2026\/02\/Partnerskapsavtale-mellom-Porsgrunn-vgs-og-DNV-Imatis.jpg 1200w\" sizes=\"(max-width: 1024px) 100vw, 1024px\" \/>\t\t\t\t\t\t\t\t\t\t\t\t\t\t\t<\/div>\n\t\t\t\t<\/div>\n\t\t\t\t<div class=\"elementor-element elementor-element-25913ed elementor-widget elementor-widget-text-editor\" data-id=\"25913ed\" data-element_type=\"widget\" data-e-type=\"widget\" data-widget_type=\"text-editor.default\">\n\t\t\t\t<div class=\"elementor-widget-container\">\n\t\t\t\t\t\t\t\t\t<p><em>Forn\u00f8yde folk med signert avtale. Alle tenker p\u00e5 kake.<\/em><\/p>\t\t\t\t\t\t\t\t<\/div>\n\t\t\t\t<\/div>\n\t\t\t\t\t<\/div>\n\t\t<\/div>\n\t\t\t\t\t<\/div>\n\t\t<\/section>\n\t\t\t\t\t<\/div>\n\t\t<\/div>\n\t\t\t\t\t<\/div>\n\t\t<\/section>\n\t\t\t\t<\/div>\n\t\t","protected":false},"excerpt":{"rendered":"<p>DNV Imatis styrker b\u00e5de arbeidsmilj\u00f8 og kompetanse gjennom tett samarbeid med Porsgrunn videreg\u00e5ende skole. Unge utviklere og l\u00e6rlinger bidrar aktivt til innovasjon innen velferdsteknologi, samtidig som en ny partnerskapsavtale sikrer fremtidige praksis- og l\u00e6rlingplasser i IT-utviklerfaget.<\/p>\n","protected":false},"author":5,"featured_media":15867,"comment_status":"open","ping_status":"open","sticky":false,"template":"full-width.php","format":"standard","meta":{"_acf_changed":false,"_mo_disable_npp":"","footnotes":""},"categories":[1],"tags":[],"class_list":["post-15865","post","type-post","status-publish","format-standard","has-post-thumbnail","hentry","category-uncategorized"],"acf":[],"yoast_head":"<!-- This site is optimized with the Yoast SEO Premium plugin v23.9 (Yoast SEO v27.4) - https:\/\/yoast.com\/product\/yoast-seo-premium-wordpress\/ -->\n<title>L\u00e6rlinger holder arbeidsmilj\u00f8et p\u00e5 DNV Imatis vitalt<\/title>\n<meta name=\"description\" content=\"L\u00e6rlinger fra Porsgrunn vgs f\u00e5r ansvar, utviklingsmuligheter og en viktig rolle i arbeidet med velferdsteknologi hos DNV Imatis.\" \/>\n<meta name=\"robots\" content=\"index, follow, max-snippet:-1, max-image-preview:large, max-video-preview:-1\" \/>\n<link rel=\"canonical\" href=\"https:\/\/dnvimatis.com\/no\/laerlinger-holder-arbeidsmiljoet-pa-dnv-imatis-vitalt\/\" \/>\n<meta property=\"og:locale\" content=\"nb_NO\" \/>\n<meta property=\"og:type\" content=\"article\" \/>\n<meta property=\"og:title\" content=\"L\u00e6rlinger holder arbeidsmilj\u00f8et p\u00e5 DNV Imatis vitalt\" \/>\n<meta property=\"og:description\" content=\"L\u00e6rlinger fra Porsgrunn vgs f\u00e5r ansvar, utviklingsmuligheter og en viktig rolle i arbeidet med velferdsteknologi hos DNV Imatis.\" \/>\n<meta property=\"og:url\" content=\"https:\/\/dnvimatis.com\/no\/laerlinger-holder-arbeidsmiljoet-pa-dnv-imatis-vitalt\/\" \/>\n<meta property=\"og:site_name\" content=\"DNV Imatis.no\" \/>\n<meta property=\"article:published_time\" content=\"2026-02-10T08:24:50+00:00\" \/>\n<meta property=\"article:modified_time\" content=\"2026-02-12T10:32:03+00:00\" \/>\n<meta property=\"og:image\" content=\"https:\/\/dnvimatis.com\/no\/wp-content\/uploads\/sites\/2\/2026\/02\/De-unge-oppstilt.jpg\" \/>\n\t<meta property=\"og:image:width\" content=\"1200\" \/>\n\t<meta property=\"og:image:height\" content=\"768\" \/>\n\t<meta property=\"og:image:type\" content=\"image\/jpeg\" \/>\n<meta name=\"author\" content=\"annchristinberget\" \/>\n<meta name=\"twitter:card\" content=\"summary_large_image\" \/>\n<meta name=\"twitter:label1\" content=\"Skrevet av\" \/>\n\t<meta name=\"twitter:data1\" content=\"annchristinberget\" \/>\n\t<meta name=\"twitter:label2\" content=\"Ansl. lesetid\" \/>\n\t<meta name=\"twitter:data2\" content=\"3 minutter\" \/>\n<script type=\"application\/ld+json\" class=\"yoast-schema-graph\">{\"@context\":\"https:\\\/\\\/schema.org\",\"@graph\":[{\"@type\":\"Article\",\"@id\":\"https:\\\/\\\/dnvimatis.com\\\/no\\\/laerlinger-holder-arbeidsmiljoet-pa-dnv-imatis-vitalt\\\/#article\",\"isPartOf\":{\"@id\":\"https:\\\/\\\/dnvimatis.com\\\/no\\\/laerlinger-holder-arbeidsmiljoet-pa-dnv-imatis-vitalt\\\/\"},\"author\":{\"name\":\"annchristinberget\",\"@id\":\"https:\\\/\\\/dnvimatis.com\\\/no\\\/#\\\/schema\\\/person\\\/f727a32a79952e533458a9c07c0f199e\"},\"headline\":\"L\u00e6rlinger holder arbeidsmilj\u00f8et p\u00e5 DNV Imatis vitalt\",\"datePublished\":\"2026-02-10T08:24:50+00:00\",\"dateModified\":\"2026-02-12T10:32:03+00:00\",\"mainEntityOfPage\":{\"@id\":\"https:\\\/\\\/dnvimatis.com\\\/no\\\/laerlinger-holder-arbeidsmiljoet-pa-dnv-imatis-vitalt\\\/\"},\"wordCount\":469,\"commentCount\":0,\"publisher\":{\"@id\":\"https:\\\/\\\/dnvimatis.com\\\/no\\\/#organization\"},\"image\":{\"@id\":\"https:\\\/\\\/dnvimatis.com\\\/no\\\/laerlinger-holder-arbeidsmiljoet-pa-dnv-imatis-vitalt\\\/#primaryimage\"},\"thumbnailUrl\":\"https:\\\/\\\/dnvimatis.com\\\/no\\\/wp-content\\\/uploads\\\/sites\\\/2\\\/2026\\\/02\\\/De-unge-oppstilt.jpg\",\"articleSection\":[\"Uncategorized\"],\"inLanguage\":\"nb-NO\"},{\"@type\":\"WebPage\",\"@id\":\"https:\\\/\\\/dnvimatis.com\\\/no\\\/laerlinger-holder-arbeidsmiljoet-pa-dnv-imatis-vitalt\\\/\",\"url\":\"https:\\\/\\\/dnvimatis.com\\\/no\\\/laerlinger-holder-arbeidsmiljoet-pa-dnv-imatis-vitalt\\\/\",\"name\":\"L\u00e6rlinger holder arbeidsmilj\u00f8et p\u00e5 DNV Imatis vitalt\",\"isPartOf\":{\"@id\":\"https:\\\/\\\/dnvimatis.com\\\/no\\\/#website\"},\"primaryImageOfPage\":{\"@id\":\"https:\\\/\\\/dnvimatis.com\\\/no\\\/laerlinger-holder-arbeidsmiljoet-pa-dnv-imatis-vitalt\\\/#primaryimage\"},\"image\":{\"@id\":\"https:\\\/\\\/dnvimatis.com\\\/no\\\/laerlinger-holder-arbeidsmiljoet-pa-dnv-imatis-vitalt\\\/#primaryimage\"},\"thumbnailUrl\":\"https:\\\/\\\/dnvimatis.com\\\/no\\\/wp-content\\\/uploads\\\/sites\\\/2\\\/2026\\\/02\\\/De-unge-oppstilt.jpg\",\"datePublished\":\"2026-02-10T08:24:50+00:00\",\"dateModified\":\"2026-02-12T10:32:03+00:00\",\"description\":\"L\u00e6rlinger fra Porsgrunn vgs f\u00e5r ansvar, utviklingsmuligheter og en viktig rolle i arbeidet med velferdsteknologi hos DNV Imatis.\",\"breadcrumb\":{\"@id\":\"https:\\\/\\\/dnvimatis.com\\\/no\\\/laerlinger-holder-arbeidsmiljoet-pa-dnv-imatis-vitalt\\\/#breadcrumb\"},\"inLanguage\":\"nb-NO\",\"potentialAction\":[{\"@type\":\"ReadAction\",\"target\":[\"https:\\\/\\\/dnvimatis.com\\\/no\\\/laerlinger-holder-arbeidsmiljoet-pa-dnv-imatis-vitalt\\\/\"]}]},{\"@type\":\"ImageObject\",\"inLanguage\":\"nb-NO\",\"@id\":\"https:\\\/\\\/dnvimatis.com\\\/no\\\/laerlinger-holder-arbeidsmiljoet-pa-dnv-imatis-vitalt\\\/#primaryimage\",\"url\":\"https:\\\/\\\/dnvimatis.com\\\/no\\\/wp-content\\\/uploads\\\/sites\\\/2\\\/2026\\\/02\\\/De-unge-oppstilt.jpg\",\"contentUrl\":\"https:\\\/\\\/dnvimatis.com\\\/no\\\/wp-content\\\/uploads\\\/sites\\\/2\\\/2026\\\/02\\\/De-unge-oppstilt.jpg\",\"width\":1200,\"height\":768},{\"@type\":\"BreadcrumbList\",\"@id\":\"https:\\\/\\\/dnvimatis.com\\\/no\\\/laerlinger-holder-arbeidsmiljoet-pa-dnv-imatis-vitalt\\\/#breadcrumb\",\"itemListElement\":[{\"@type\":\"ListItem\",\"position\":1,\"name\":\"Home\",\"item\":\"https:\\\/\\\/dnvimatis.com\\\/no\\\/\"},{\"@type\":\"ListItem\",\"position\":2,\"name\":\"L\u00e6rlinger holder arbeidsmilj\u00f8et p\u00e5 DNV Imatis vitalt\"}]},{\"@type\":\"WebSite\",\"@id\":\"https:\\\/\\\/dnvimatis.com\\\/no\\\/#website\",\"url\":\"https:\\\/\\\/dnvimatis.com\\\/no\\\/\",\"name\":\"DNV Imatis.no\",\"description\":\"A game changer in healthcare solutions\",\"publisher\":{\"@id\":\"https:\\\/\\\/dnvimatis.com\\\/no\\\/#organization\"},\"potentialAction\":[{\"@type\":\"SearchAction\",\"target\":{\"@type\":\"EntryPoint\",\"urlTemplate\":\"https:\\\/\\\/dnvimatis.com\\\/no\\\/?s={search_term_string}\"},\"query-input\":{\"@type\":\"PropertyValueSpecification\",\"valueRequired\":true,\"valueName\":\"search_term_string\"}}],\"inLanguage\":\"nb-NO\"},{\"@type\":\"Organization\",\"@id\":\"https:\\\/\\\/dnvimatis.com\\\/no\\\/#organization\",\"name\":\"DNV Imatis.no\",\"url\":\"https:\\\/\\\/dnvimatis.com\\\/no\\\/\",\"logo\":{\"@type\":\"ImageObject\",\"inLanguage\":\"nb-NO\",\"@id\":\"https:\\\/\\\/dnvimatis.com\\\/no\\\/#\\\/schema\\\/logo\\\/image\\\/\",\"url\":\"https:\\\/\\\/dnvimatis.com\\\/no\\\/wp-content\\\/uploads\\\/sites\\\/2\\\/2022\\\/02\\\/DNV-Imatis-logo_color-white_RGB.svg\",\"contentUrl\":\"https:\\\/\\\/dnvimatis.com\\\/no\\\/wp-content\\\/uploads\\\/sites\\\/2\\\/2022\\\/02\\\/DNV-Imatis-logo_color-white_RGB.svg\",\"width\":680,\"height\":100,\"caption\":\"DNV Imatis.no\"},\"image\":{\"@id\":\"https:\\\/\\\/dnvimatis.com\\\/no\\\/#\\\/schema\\\/logo\\\/image\\\/\"}},{\"@type\":\"Person\",\"@id\":\"https:\\\/\\\/dnvimatis.com\\\/no\\\/#\\\/schema\\\/person\\\/f727a32a79952e533458a9c07c0f199e\",\"name\":\"annchristinberget\",\"image\":{\"@type\":\"ImageObject\",\"inLanguage\":\"nb-NO\",\"@id\":\"https:\\\/\\\/secure.gravatar.com\\\/avatar\\\/9eec3c2e70fa336dc213e40048930507e3410a33105ae4c9466fe9d95b910c61?s=96&d=mm&r=g\",\"url\":\"https:\\\/\\\/secure.gravatar.com\\\/avatar\\\/9eec3c2e70fa336dc213e40048930507e3410a33105ae4c9466fe9d95b910c61?s=96&d=mm&r=g\",\"contentUrl\":\"https:\\\/\\\/secure.gravatar.com\\\/avatar\\\/9eec3c2e70fa336dc213e40048930507e3410a33105ae4c9466fe9d95b910c61?s=96&d=mm&r=g\",\"caption\":\"annchristinberget\"},\"url\":\"https:\\\/\\\/dnvimatis.com\\\/no\\\/author\\\/annchristinberget\\\/\"}]}<\/script>\n<!-- \/ Yoast SEO Premium plugin. -->","yoast_head_json":{"title":"L\u00e6rlinger holder arbeidsmilj\u00f8et p\u00e5 DNV Imatis vitalt","description":"L\u00e6rlinger fra Porsgrunn vgs f\u00e5r ansvar, utviklingsmuligheter og en viktig rolle i arbeidet med velferdsteknologi hos DNV Imatis.","robots":{"index":"index","follow":"follow","max-snippet":"max-snippet:-1","max-image-preview":"max-image-preview:large","max-video-preview":"max-video-preview:-1"},"canonical":"https:\/\/dnvimatis.com\/no\/laerlinger-holder-arbeidsmiljoet-pa-dnv-imatis-vitalt\/","og_locale":"nb_NO","og_type":"article","og_title":"L\u00e6rlinger holder arbeidsmilj\u00f8et p\u00e5 DNV Imatis vitalt","og_description":"L\u00e6rlinger fra Porsgrunn vgs f\u00e5r ansvar, utviklingsmuligheter og en viktig rolle i arbeidet med velferdsteknologi hos DNV Imatis.","og_url":"https:\/\/dnvimatis.com\/no\/laerlinger-holder-arbeidsmiljoet-pa-dnv-imatis-vitalt\/","og_site_name":"DNV Imatis.no","article_published_time":"2026-02-10T08:24:50+00:00","article_modified_time":"2026-02-12T10:32:03+00:00","og_image":[{"width":1200,"height":768,"url":"https:\/\/dnvimatis.com\/no\/wp-content\/uploads\/sites\/2\/2026\/02\/De-unge-oppstilt.jpg","type":"image\/jpeg"}],"author":"annchristinberget","twitter_card":"summary_large_image","twitter_misc":{"Skrevet av":"annchristinberget","Ansl. lesetid":"3 minutter"},"schema":{"@context":"https:\/\/schema.org","@graph":[{"@type":"Article","@id":"https:\/\/dnvimatis.com\/no\/laerlinger-holder-arbeidsmiljoet-pa-dnv-imatis-vitalt\/#article","isPartOf":{"@id":"https:\/\/dnvimatis.com\/no\/laerlinger-holder-arbeidsmiljoet-pa-dnv-imatis-vitalt\/"},"author":{"name":"annchristinberget","@id":"https:\/\/dnvimatis.com\/no\/#\/schema\/person\/f727a32a79952e533458a9c07c0f199e"},"headline":"L\u00e6rlinger holder arbeidsmilj\u00f8et p\u00e5 DNV Imatis vitalt","datePublished":"2026-02-10T08:24:50+00:00","dateModified":"2026-02-12T10:32:03+00:00","mainEntityOfPage":{"@id":"https:\/\/dnvimatis.com\/no\/laerlinger-holder-arbeidsmiljoet-pa-dnv-imatis-vitalt\/"},"wordCount":469,"commentCount":0,"publisher":{"@id":"https:\/\/dnvimatis.com\/no\/#organization"},"image":{"@id":"https:\/\/dnvimatis.com\/no\/laerlinger-holder-arbeidsmiljoet-pa-dnv-imatis-vitalt\/#primaryimage"},"thumbnailUrl":"https:\/\/dnvimatis.com\/no\/wp-content\/uploads\/sites\/2\/2026\/02\/De-unge-oppstilt.jpg","articleSection":["Uncategorized"],"inLanguage":"nb-NO"},{"@type":"WebPage","@id":"https:\/\/dnvimatis.com\/no\/laerlinger-holder-arbeidsmiljoet-pa-dnv-imatis-vitalt\/","url":"https:\/\/dnvimatis.com\/no\/laerlinger-holder-arbeidsmiljoet-pa-dnv-imatis-vitalt\/","name":"L\u00e6rlinger holder arbeidsmilj\u00f8et p\u00e5 DNV Imatis vitalt","isPartOf":{"@id":"https:\/\/dnvimatis.com\/no\/#website"},"primaryImageOfPage":{"@id":"https:\/\/dnvimatis.com\/no\/laerlinger-holder-arbeidsmiljoet-pa-dnv-imatis-vitalt\/#primaryimage"},"image":{"@id":"https:\/\/dnvimatis.com\/no\/laerlinger-holder-arbeidsmiljoet-pa-dnv-imatis-vitalt\/#primaryimage"},"thumbnailUrl":"https:\/\/dnvimatis.com\/no\/wp-content\/uploads\/sites\/2\/2026\/02\/De-unge-oppstilt.jpg","datePublished":"2026-02-10T08:24:50+00:00","dateModified":"2026-02-12T10:32:03+00:00","description":"L\u00e6rlinger fra Porsgrunn vgs f\u00e5r ansvar, utviklingsmuligheter og en viktig rolle i arbeidet med velferdsteknologi hos DNV Imatis.","breadcrumb":{"@id":"https:\/\/dnvimatis.com\/no\/laerlinger-holder-arbeidsmiljoet-pa-dnv-imatis-vitalt\/#breadcrumb"},"inLanguage":"nb-NO","potentialAction":[{"@type":"ReadAction","target":["https:\/\/dnvimatis.com\/no\/laerlinger-holder-arbeidsmiljoet-pa-dnv-imatis-vitalt\/"]}]},{"@type":"ImageObject","inLanguage":"nb-NO","@id":"https:\/\/dnvimatis.com\/no\/laerlinger-holder-arbeidsmiljoet-pa-dnv-imatis-vitalt\/#primaryimage","url":"https:\/\/dnvimatis.com\/no\/wp-content\/uploads\/sites\/2\/2026\/02\/De-unge-oppstilt.jpg","contentUrl":"https:\/\/dnvimatis.com\/no\/wp-content\/uploads\/sites\/2\/2026\/02\/De-unge-oppstilt.jpg","width":1200,"height":768},{"@type":"BreadcrumbList","@id":"https:\/\/dnvimatis.com\/no\/laerlinger-holder-arbeidsmiljoet-pa-dnv-imatis-vitalt\/#breadcrumb","itemListElement":[{"@type":"ListItem","position":1,"name":"Home","item":"https:\/\/dnvimatis.com\/no\/"},{"@type":"ListItem","position":2,"name":"L\u00e6rlinger holder arbeidsmilj\u00f8et p\u00e5 DNV Imatis vitalt"}]},{"@type":"WebSite","@id":"https:\/\/dnvimatis.com\/no\/#website","url":"https:\/\/dnvimatis.com\/no\/","name":"DNV Imatis.no","description":"A game changer in healthcare solutions","publisher":{"@id":"https:\/\/dnvimatis.com\/no\/#organization"},"potentialAction":[{"@type":"SearchAction","target":{"@type":"EntryPoint","urlTemplate":"https:\/\/dnvimatis.com\/no\/?s={search_term_string}"},"query-input":{"@type":"PropertyValueSpecification","valueRequired":true,"valueName":"search_term_string"}}],"inLanguage":"nb-NO"},{"@type":"Organization","@id":"https:\/\/dnvimatis.com\/no\/#organization","name":"DNV Imatis.no","url":"https:\/\/dnvimatis.com\/no\/","logo":{"@type":"ImageObject","inLanguage":"nb-NO","@id":"https:\/\/dnvimatis.com\/no\/#\/schema\/logo\/image\/","url":"https:\/\/dnvimatis.com\/no\/wp-content\/uploads\/sites\/2\/2022\/02\/DNV-Imatis-logo_color-white_RGB.svg","contentUrl":"https:\/\/dnvimatis.com\/no\/wp-content\/uploads\/sites\/2\/2022\/02\/DNV-Imatis-logo_color-white_RGB.svg","width":680,"height":100,"caption":"DNV Imatis.no"},"image":{"@id":"https:\/\/dnvimatis.com\/no\/#\/schema\/logo\/image\/"}},{"@type":"Person","@id":"https:\/\/dnvimatis.com\/no\/#\/schema\/person\/f727a32a79952e533458a9c07c0f199e","name":"annchristinberget","image":{"@type":"ImageObject","inLanguage":"nb-NO","@id":"https:\/\/secure.gravatar.com\/avatar\/9eec3c2e70fa336dc213e40048930507e3410a33105ae4c9466fe9d95b910c61?s=96&d=mm&r=g","url":"https:\/\/secure.gravatar.com\/avatar\/9eec3c2e70fa336dc213e40048930507e3410a33105ae4c9466fe9d95b910c61?s=96&d=mm&r=g","contentUrl":"https:\/\/secure.gravatar.com\/avatar\/9eec3c2e70fa336dc213e40048930507e3410a33105ae4c9466fe9d95b910c61?s=96&d=mm&r=g","caption":"annchristinberget"},"url":"https:\/\/dnvimatis.com\/no\/author\/annchristinberget\/"}]}},"publishpress_future_action":{"enabled":false,"date":"2026-05-08 08:13:04","action":"change-status","newStatus":"draft","terms":[],"taxonomy":"category","extraData":[]},"publishpress_future_workflow_manual_trigger":{"enabledWorkflows":[]},"_links":{"self":[{"href":"https:\/\/dnvimatis.com\/no\/wp-json\/wp\/v2\/posts\/15865","targetHints":{"allow":["GET"]}}],"collection":[{"href":"https:\/\/dnvimatis.com\/no\/wp-json\/wp\/v2\/posts"}],"about":[{"href":"https:\/\/dnvimatis.com\/no\/wp-json\/wp\/v2\/types\/post"}],"author":[{"embeddable":true,"href":"https:\/\/dnvimatis.com\/no\/wp-json\/wp\/v2\/users\/5"}],"replies":[{"embeddable":true,"href":"https:\/\/dnvimatis.com\/no\/wp-json\/wp\/v2\/comments?post=15865"}],"version-history":[{"count":37,"href":"https:\/\/dnvimatis.com\/no\/wp-json\/wp\/v2\/posts\/15865\/revisions"}],"predecessor-version":[{"id":15907,"href":"https:\/\/dnvimatis.com\/no\/wp-json\/wp\/v2\/posts\/15865\/revisions\/15907"}],"wp:featuredmedia":[{"embeddable":true,"href":"https:\/\/dnvimatis.com\/no\/wp-json\/wp\/v2\/media\/15867"}],"wp:attachment":[{"href":"https:\/\/dnvimatis.com\/no\/wp-json\/wp\/v2\/media?parent=15865"}],"wp:term":[{"taxonomy":"category","embeddable":true,"href":"https:\/\/dnvimatis.com\/no\/wp-json\/wp\/v2\/categories?post=15865"},{"taxonomy":"post_tag","embeddable":true,"href":"https:\/\/dnvimatis.com\/no\/wp-json\/wp\/v2\/tags?post=15865"}],"curies":[{"name":"wp","href":"https:\/\/api.w.org\/{rel}","templated":true}]}}