{"id":10851,"date":"2024-01-19T12:02:55","date_gmt":"2024-01-19T11:02:55","guid":{"rendered":"https:\/\/dnvimatis.com\/no\/?p=10851"},"modified":"2024-01-19T12:10:37","modified_gmt":"2024-01-19T11:10:37","slug":"helseministeren-mener-sykehusene-ma-jobbe-smartere","status":"publish","type":"post","link":"https:\/\/dnvimatis.com\/no\/helseministeren-mener-sykehusene-ma-jobbe-smartere\/","title":{"rendered":"Helseministeren mener sykehusene m\u00e5 jobbe smartere"},"content":{"rendered":"\t\t<div data-elementor-type=\"wp-post\" data-elementor-id=\"10851\" class=\"elementor elementor-10851\" data-elementor-post-type=\"post\">\n\t\t\t\t\t\t<section class=\"elementor-section elementor-top-section elementor-element elementor-element-142d0244 elementor-section-height-min-height elementor-section-boxed elementor-section-height-default elementor-section-items-middle\" data-id=\"142d0244\" data-element_type=\"section\" data-e-type=\"section\">\n\t\t\t\t\t\t<div class=\"elementor-container elementor-column-gap-wider\">\n\t\t\t\t\t<div class=\"elementor-column elementor-col-100 elementor-top-column elementor-element elementor-element-1cca569\" data-id=\"1cca569\" data-element_type=\"column\" data-e-type=\"column\">\n\t\t\t<div class=\"elementor-widget-wrap elementor-element-populated\">\n\t\t\t\t\t\t<div class=\"elementor-element elementor-element-36cc089e elementor-widget elementor-widget-heading\" data-id=\"36cc089e\" data-element_type=\"widget\" data-e-type=\"widget\" data-widget_type=\"heading.default\">\n\t\t\t\t<div class=\"elementor-widget-container\">\n\t\t\t\t\t<h3 class=\"elementor-heading-title elementor-size-default\">Helseministeren vil at sykehusene skal jobbe smartere og flytte flere oppgaver fra sykepleiere til fagarbeidere.<\/h3>\t\t\t\t<\/div>\n\t\t\t\t<\/div>\n\t\t\t\t<div class=\"elementor-element elementor-element-1d1ac214 elementor-widget elementor-widget-text-editor\" data-id=\"1d1ac214\" data-element_type=\"widget\" data-e-type=\"widget\" data-widget_type=\"text-editor.default\">\n\t\t\t\t<div class=\"elementor-widget-container\">\n\t\t\t\t\t\t\t\t\t<p>I Helseminister Ingvild Kjerkols sykehustale ble behovet for oppgavedeling understreket for \u00e5 optimalisere bruk av tilgjengelig kompetanse og m\u00f8te mangelen p\u00e5 helsepersonell i fremtiden. <em>\u00abVi st\u00e5r ved et veiskille.\u00a0Vi m\u00e5 jobbe smartere. Men politikerne m\u00e5 ogs\u00e5 legge opp til at det er mulig. Gjennom hensiktsmessig oppgavedeling, digitalisering og innovasjon. Og vi m\u00e5 ha helsen\u00e6ringen med p\u00e5 laget.\u00bb <\/em><\/p>\t\t\t\t\t\t\t\t<\/div>\n\t\t\t\t<\/div>\n\t\t\t\t<section class=\"elementor-section elementor-inner-section elementor-element elementor-element-26b1c28 elementor-section-boxed elementor-section-height-default elementor-section-height-default\" data-id=\"26b1c28\" data-element_type=\"section\" data-e-type=\"section\">\n\t\t\t\t\t\t<div class=\"elementor-container elementor-column-gap-wider\">\n\t\t\t\t\t<div class=\"elementor-column elementor-col-50 elementor-inner-column elementor-element elementor-element-28bc082\" data-id=\"28bc082\" data-element_type=\"column\" data-e-type=\"column\">\n\t\t\t<div class=\"elementor-widget-wrap elementor-element-populated\">\n\t\t\t\t\t\t<div class=\"elementor-element elementor-element-736609bc elementor-widget elementor-widget-image\" data-id=\"736609bc\" data-element_type=\"widget\" data-e-type=\"widget\" data-widget_type=\"image.default\">\n\t\t\t\t<div class=\"elementor-widget-container\">\n\t\t\t\t\t\t\t\t\t\t\t\t<figure class=\"wp-caption\">\n\t\t\t\t\t\t\t\t\t\t<img fetchpriority=\"high\" decoding=\"async\" width=\"600\" height=\"700\" src=\"https:\/\/dnvimatis.com\/no\/wp-content\/uploads\/sites\/2\/2024\/01\/Ingvild-Kjerkol_Fotokreditt_Esten-Borgos-Borgos-Foto-AS-600x700-1.jpg\" class=\"attachment-large size-large wp-image-10842\" alt=\"Helseministeren mener sykehusene m\u00e5 jobbe smartere\" srcset=\"https:\/\/dnvimatis.com\/no\/wp-content\/uploads\/sites\/2\/2024\/01\/Ingvild-Kjerkol_Fotokreditt_Esten-Borgos-Borgos-Foto-AS-600x700-1.jpg 600w, https:\/\/dnvimatis.com\/no\/wp-content\/uploads\/sites\/2\/2024\/01\/Ingvild-Kjerkol_Fotokreditt_Esten-Borgos-Borgos-Foto-AS-600x700-1-257x300.jpg 257w\" sizes=\"(max-width: 600px) 100vw, 600px\" \/>\t\t\t\t\t\t\t\t\t\t\t<figcaption class=\"widget-image-caption wp-caption-text\">Foto: Esten Borgos, Borgos Foto AS<\/figcaption>\n\t\t\t\t\t\t\t\t\t\t<\/figure>\n\t\t\t\t\t\t\t\t\t<\/div>\n\t\t\t\t<\/div>\n\t\t\t\t\t<\/div>\n\t\t<\/div>\n\t\t\t\t<div class=\"elementor-column elementor-col-50 elementor-inner-column elementor-element elementor-element-2592a4f9\" data-id=\"2592a4f9\" data-element_type=\"column\" data-e-type=\"column\">\n\t\t\t<div class=\"elementor-widget-wrap elementor-element-populated\">\n\t\t\t\t\t\t<div class=\"elementor-element elementor-element-2180c1bf elementor-widget elementor-widget-text-editor\" data-id=\"2180c1bf\" data-element_type=\"widget\" data-e-type=\"widget\" data-widget_type=\"text-editor.default\">\n\t\t\t\t<div class=\"elementor-widget-container\">\n\t\t\t\t\t\t\t\t\t<p>Fokuset ligger alts\u00e5 p\u00e5 \u00e5 jobbe smartere, blant annet gjennom oppgavedeling, uten tydelige referanser til hvordan dette skal skje i praksis. DNV Imatis har gjennom mange \u00e5r v\u00e6rt godt posisjonert til \u00e5 m\u00f8te denne utfordringen gjennom v\u00e5re etablerte l\u00f8sninger, hvor samhandling og oppgaveh\u00e5ndtering er to av kjerneomr\u00e5dene.<\/p>\t\t\t\t\t\t\t\t<\/div>\n\t\t\t\t<\/div>\n\t\t\t\t<div class=\"elementor-element elementor-element-1640596 elementor-widget elementor-widget-heading\" data-id=\"1640596\" data-element_type=\"widget\" data-e-type=\"widget\" data-widget_type=\"heading.default\">\n\t\t\t\t<div class=\"elementor-widget-container\">\n\t\t\t\t\t<h4 class=\"elementor-heading-title elementor-size-default\">Smidig oppgaveh\u00e5ndtering og effektiv kommunikasjon<\/h4>\t\t\t\t<\/div>\n\t\t\t\t<\/div>\n\t\t\t\t<div class=\"elementor-element elementor-element-465fdf6 elementor-widget elementor-widget-text-editor\" data-id=\"465fdf6\" data-element_type=\"widget\" data-e-type=\"widget\" data-widget_type=\"text-editor.default\">\n\t\t\t\t<div class=\"elementor-widget-container\">\n\t\t\t\t\t\t\t\t\t<p>En sentral komponent i DNV Imatis&#8217; l\u00f8sning er den smidige oppgaveh\u00e5ndteringen. Funksjonen spiller en avgj\u00f8rende rolle i \u00e5 sikre s\u00f8ml\u00f8s kommunikasjon og samarbeid. Ved \u00e5 integrere alle avdelinger i et enhetlig teknologisk \u00f8kosystem, legges til rette for informasjonsflyt i sanntid fra akuttavdelinger til sengepost og st\u00f8ttetjenester som renhold, vedlikehold og transport. Dette systemet muliggj\u00f8r effektiv h\u00e5ndtering av oppgaver, som erfaringsmessig gjenspeiles i raskere respons.<\/p>\t\t\t\t\t\t\t\t<\/div>\n\t\t\t\t<\/div>\n\t\t\t\t\t<\/div>\n\t\t<\/div>\n\t\t\t\t\t<\/div>\n\t\t<\/section>\n\t\t\t\t<div class=\"elementor-element elementor-element-c9404c6 elementor-widget elementor-widget-text-editor\" data-id=\"c9404c6\" data-element_type=\"widget\" data-e-type=\"widget\" data-widget_type=\"text-editor.default\">\n\t\t\t\t<div class=\"elementor-widget-container\">\n\t\t\t\t\t\t\t\t\t<p>Referanser fra tidligere implementeringer viser tusenvis av oppgaver behandlet i l\u00f8pet av de f\u00f8rste ukene. Dette forbedrer ikke bare driftseffektiviteten, men bidrar ogs\u00e5 til et tryggere og mer koordinert milj\u00f8.<\/p>\t\t\t\t\t\t\t\t<\/div>\n\t\t\t\t<\/div>\n\t\t\t\t<div class=\"elementor-element elementor-element-f3a863f elementor-widget elementor-widget-heading\" data-id=\"f3a863f\" data-element_type=\"widget\" data-e-type=\"widget\" data-widget_type=\"heading.default\">\n\t\t\t\t<div class=\"elementor-widget-container\">\n\t\t\t\t\t<h4 class=\"elementor-heading-title elementor-size-default\">Kompetansebasert oppgavefordeling<\/h4>\t\t\t\t<\/div>\n\t\t\t\t<\/div>\n\t\t\t\t<div class=\"elementor-element elementor-element-070c6b7 elementor-widget elementor-widget-text-editor\" data-id=\"070c6b7\" data-element_type=\"widget\" data-e-type=\"widget\" data-widget_type=\"text-editor.default\">\n\t\t\t\t<div class=\"elementor-widget-container\">\n\t\t\t\t\t\t\t\t\t<p><em>\u00abMangel p\u00e5 fagfolk i fremtiden gj\u00f8r at vi m\u00e5 bruke kompetansen smartere. Derfor f\u00e5r sykehusene gjennom oppdragsbrevet beskjed om \u00e5 prioritere oppgavedeling slik at folk f\u00e5r brukt kompetansen sin der det trengs mest\u00bb<\/em> sa helseministeren til FriFagbevegelse.<\/p><p>Ved \u00e5 integrere kompetansebaserte kriterier i oppgaveh\u00e5ndteringen hvor hver bruker definerer sine egne kompetanser, vil man kunne s\u00f8rge for at oppgavene tildeles basert p\u00e5 disse definerte ferdighetene. Dette gir ikke bare raskere agering p\u00e5 oppgaver, men sikrer ogs\u00e5 at oppgavene utf\u00f8res av personer med riktig kompetanse.<\/p><p>Ved \u00e5 benytte mobilapplikasjoner eller integrasjoner mot eksisterende systemer, kan brukerne effektivt melde seg disponible og velge spesifikke omr\u00e5der hvor de er kvalifiserte til \u00e5 h\u00e5ndtere oppgaver. Dette skaper en oversiktlig liste over tilgjengelige oppgaver basert p\u00e5 brukerens kompetanse og preferanser.<\/p><p>Denne tiln\u00e6rmingen gir for eksempel en port\u00f8r eller sykehusvert, som kanskje jobber over flere omr\u00e5der, muligheten til \u00e5 f\u00e5 oppgaver de kan bist\u00e5 med over hele bygget. Samtidig kan en assistent p\u00e5 en avdeling som ikke kan bevege seg s\u00e5 langt, enkelt velge sin etasje eller fl\u00f8y, og til og med spesifisere eksakte soner der de kan bidra.<\/p>\t\t\t\t\t\t\t\t<\/div>\n\t\t\t\t<\/div>\n\t\t\t\t<div class=\"elementor-element elementor-element-52715ed elementor-widget elementor-widget-heading\" data-id=\"52715ed\" data-element_type=\"widget\" data-e-type=\"widget\" data-widget_type=\"heading.default\">\n\t\t\t\t<div class=\"elementor-widget-container\">\n\t\t\t\t\t<h4 class=\"elementor-heading-title elementor-size-default\">Ressursstyring<\/h4>\t\t\t\t<\/div>\n\t\t\t\t<\/div>\n\t\t\t\t<div class=\"elementor-element elementor-element-3707d9a elementor-widget elementor-widget-text-editor\" data-id=\"3707d9a\" data-element_type=\"widget\" data-e-type=\"widget\" data-widget_type=\"text-editor.default\">\n\t\t\t\t<div class=\"elementor-widget-container\">\n\t\t\t\t\t\t\t\t\t<p>Helseministeren understreker ogs\u00e5 viktigheten av \u00e5 bruke teknologi for \u00e5 st\u00f8tte effektiv bruk av tid og ressurser. \u00abVi vil prioritere digital samhandling for \u00e5 legge til rette for gode pasientforl\u00f8p og<em> en smartere arbeidshverdag.<\/em><em>\u00bb <\/em>\u00a0Dette finnes det allerede gode l\u00f8sninger for. Digitale oversiktstavler som kombinerer logistikk med forvaltning av ressurser og pasienter bidrar ikke bare til bedre ressursstyring, identifisering av flaskehalser og optimalisering av arbeidsprosesser, men forbedrer ogs\u00e5 samarbeidet og pasientsikkerheten.<\/p>\t\t\t\t\t\t\t\t<\/div>\n\t\t\t\t<\/div>\n\t\t\t\t<div class=\"elementor-element elementor-element-a9fba6f elementor-widget elementor-widget-heading\" data-id=\"a9fba6f\" data-element_type=\"widget\" data-e-type=\"widget\" data-widget_type=\"heading.default\">\n\t\t\t\t<div class=\"elementor-widget-container\">\n\t\t\t\t\t<h4 class=\"elementor-heading-title elementor-size-default\">Tilpasning til ulike helsemilj\u00f8er<\/h4>\t\t\t\t<\/div>\n\t\t\t\t<\/div>\n\t\t\t\t<div class=\"elementor-element elementor-element-ef648c4 elementor-widget elementor-widget-text-editor\" data-id=\"ef648c4\" data-element_type=\"widget\" data-e-type=\"widget\" data-widget_type=\"text-editor.default\">\n\t\t\t\t<div class=\"elementor-widget-container\">\n\t\t\t\t\t\t\t\t\t<p>En avgj\u00f8rende faktor er at man benytter systemer som tilpasses brukerne -og ikke motsatt. Det kreves ogs\u00e5 fleksibilitet som i takt med utvikling, endring i arbeidsflyt og nye behov, alltid speiler og samsvarer gjeldende og \u00f8nskede arbeidsflyter innen hver organisasjon. Denne fleksibiliteten og muligheten for tilpasning tilrettelegger for kontinuerlig forbedring. Samtidig styrkes samarbeidet og effektiviteten, og skaper en positiv innvirkning b\u00e5de for pasienter og ansatte.<\/p>\t\t\t\t\t\t\t\t<\/div>\n\t\t\t\t<\/div>\n\t\t\t\t<div class=\"elementor-element elementor-element-7242a74 elementor-widget-divider--view-line elementor-widget elementor-widget-divider\" data-id=\"7242a74\" data-element_type=\"widget\" data-e-type=\"widget\" data-widget_type=\"divider.default\">\n\t\t\t\t<div class=\"elementor-widget-container\">\n\t\t\t\t\t\t\t<div class=\"elementor-divider\">\n\t\t\t<span class=\"elementor-divider-separator\">\n\t\t\t\t\t\t<\/span>\n\t\t<\/div>\n\t\t\t\t\t\t<\/div>\n\t\t\t\t<\/div>\n\t\t\t\t<div class=\"elementor-element elementor-element-d77b155 elementor-widget elementor-widget-text-editor\" data-id=\"d77b155\" data-element_type=\"widget\" data-e-type=\"widget\" data-widget_type=\"text-editor.default\">\n\t\t\t\t<div class=\"elementor-widget-container\">\n\t\t\t\t\t\t\t\t\t<p>Som respons p\u00e5 Helseminister Ingvild Kjerkols oppfordring om smartere bruk av helsevesenets ressurser, s\u00e5 finnes det allerede l\u00f8sninger i dag som st\u00f8tter forventningen om oppgavedelegering og smartere, arbeidslettende m\u00e5ter \u00e5 jobbe p\u00e5.<br \/>Men det kommer ikke av seg selv, og suksessen f\u00f8lger ikke automatisk med anskaffelsen av verkt\u00f8yene som potensielt kan realisere store gevinster. Endringsledelse spiller en avgj\u00f8rende rolle i suksessfull implementering. Det er ikke bare et sp\u00f8rsm\u00e5l om \u00e5 introdusere teknologiske verkt\u00f8y, men \u00e5 omfavne nye arbeidsmetoder, og \u00e5 jobbe annerledes -og smartere. Ikke bare for \u00e9n yrkesgruppe, men for samtlige roller p\u00e5 tvers av sykehuset. \u00a0<\/p>\t\t\t\t\t\t\t\t<\/div>\n\t\t\t\t<\/div>\n\t\t\t\t\t<\/div>\n\t\t<\/div>\n\t\t\t\t\t<\/div>\n\t\t<\/section>\n\t\t\t\t<section class=\"elementor-section elementor-top-section elementor-element elementor-element-3d85f3c elementor-section-boxed elementor-section-height-default elementor-section-height-default\" data-id=\"3d85f3c\" data-element_type=\"section\" data-e-type=\"section\">\n\t\t\t\t\t\t<div class=\"elementor-container elementor-column-gap-default\">\n\t\t\t\t\t<div class=\"elementor-column elementor-col-100 elementor-top-column elementor-element elementor-element-7273b45\" data-id=\"7273b45\" data-element_type=\"column\" data-e-type=\"column\">\n\t\t\t<div class=\"elementor-widget-wrap elementor-element-populated\">\n\t\t\t\t\t\t<div class=\"elementor-element elementor-element-7b8dcbf elementor-widget elementor-widget-text-editor\" data-id=\"7b8dcbf\" data-element_type=\"widget\" data-e-type=\"widget\" data-widget_type=\"text-editor.default\">\n\t\t\t\t<div class=\"elementor-widget-container\">\n\t\t\t\t\t\t\t\t\t<p><a href=\"https:\/\/www.linkedin.com\/company\/dnvimatis\/\" target=\"_blank\" rel=\"noopener\">F\u00f8lg oss p\u00e5 LinkedIn &gt;<\/a><\/p><p><a href=\"https:\/\/dnvimatis.com\/no\/aktuelt\/nyheter\/\">Tilbake til nyheter &gt;<\/a><\/p>\t\t\t\t\t\t\t\t<\/div>\n\t\t\t\t<\/div>\n\t\t\t\t\t<\/div>\n\t\t<\/div>\n\t\t\t\t\t<\/div>\n\t\t<\/section>\n\t\t\t\t<\/div>\n\t\t","protected":false},"excerpt":{"rendered":"<p>Fokuset ligger alts\u00e5 p\u00e5 \u00e5 jobbe smartere, blant annet gjennom oppgavedeling, uten tydelige referanser til hvordan dette skal skje i praksis.<\/p>\n","protected":false},"author":2,"featured_media":10840,"comment_status":"open","ping_status":"open","sticky":false,"template":"elementor_header_footer","format":"standard","meta":{"_acf_changed":false,"_mo_disable_npp":"","footnotes":""},"categories":[1],"tags":[],"class_list":["post-10851","post","type-post","status-publish","format-standard","has-post-thumbnail","hentry","category-uncategorized"],"acf":[],"yoast_head":"<!-- This site is optimized with the Yoast SEO Premium plugin v23.9 (Yoast SEO v27.4) - https:\/\/yoast.com\/product\/yoast-seo-premium-wordpress\/ -->\n<title>Helseministeren mener sykehusene m\u00e5 jobbe smartere - DNV Imatis<\/title>\n<meta name=\"description\" content=\"Helseministeren mener sykehusene m\u00e5 jobbe smartere og flytte flere oppgaver fra sykepleiere til fagarbeidere. Det finnes l\u00f8sninger.\" \/>\n<meta name=\"robots\" content=\"index, follow, max-snippet:-1, max-image-preview:large, max-video-preview:-1\" \/>\n<link rel=\"canonical\" href=\"https:\/\/dnvimatis.com\/no\/helseministeren-mener-sykehusene-ma-jobbe-smartere\/\" \/>\n<meta property=\"og:locale\" content=\"nb_NO\" \/>\n<meta property=\"og:type\" content=\"article\" \/>\n<meta property=\"og:title\" content=\"Helseministeren mener sykehusene m\u00e5 jobbe smartere\" \/>\n<meta property=\"og:description\" content=\"Helseministeren mener sykehusene m\u00e5 jobbe smartere og flytte flere oppgaver fra sykepleiere til fagarbeidere. Det finnes l\u00f8sninger.\" \/>\n<meta property=\"og:url\" content=\"https:\/\/dnvimatis.com\/no\/helseministeren-mener-sykehusene-ma-jobbe-smartere\/\" \/>\n<meta property=\"og:site_name\" content=\"DNV Imatis.no\" \/>\n<meta property=\"article:published_time\" content=\"2024-01-19T11:02:55+00:00\" \/>\n<meta property=\"article:modified_time\" content=\"2024-01-19T11:10:37+00:00\" \/>\n<meta property=\"og:image\" content=\"https:\/\/dnvimatis.com\/no\/wp-content\/uploads\/sites\/2\/2024\/01\/Ingvild-Kjerkol.jpg\" \/>\n\t<meta property=\"og:image:width\" content=\"2048\" \/>\n\t<meta property=\"og:image:height\" content=\"1152\" \/>\n\t<meta property=\"og:image:type\" content=\"image\/jpeg\" \/>\n<meta name=\"author\" content=\"cesiliekullerud\" \/>\n<meta name=\"twitter:card\" content=\"summary_large_image\" \/>\n<meta name=\"twitter:label1\" content=\"Skrevet av\" \/>\n\t<meta name=\"twitter:data1\" content=\"cesiliekullerud\" \/>\n\t<meta name=\"twitter:label2\" content=\"Ansl. lesetid\" \/>\n\t<meta name=\"twitter:data2\" content=\"4 minutter\" \/>\n<script type=\"application\/ld+json\" class=\"yoast-schema-graph\">{\"@context\":\"https:\\\/\\\/schema.org\",\"@graph\":[{\"@type\":\"Article\",\"@id\":\"https:\\\/\\\/dnvimatis.com\\\/no\\\/helseministeren-mener-sykehusene-ma-jobbe-smartere\\\/#article\",\"isPartOf\":{\"@id\":\"https:\\\/\\\/dnvimatis.com\\\/no\\\/helseministeren-mener-sykehusene-ma-jobbe-smartere\\\/\"},\"author\":{\"name\":\"cesiliekullerud\",\"@id\":\"https:\\\/\\\/dnvimatis.com\\\/no\\\/#\\\/schema\\\/person\\\/67de0c20ec0b725bc489285daf3f1817\"},\"headline\":\"Helseministeren mener sykehusene m\u00e5 jobbe smartere\",\"datePublished\":\"2024-01-19T11:02:55+00:00\",\"dateModified\":\"2024-01-19T11:10:37+00:00\",\"mainEntityOfPage\":{\"@id\":\"https:\\\/\\\/dnvimatis.com\\\/no\\\/helseministeren-mener-sykehusene-ma-jobbe-smartere\\\/\"},\"wordCount\":693,\"commentCount\":0,\"publisher\":{\"@id\":\"https:\\\/\\\/dnvimatis.com\\\/no\\\/#organization\"},\"image\":{\"@id\":\"https:\\\/\\\/dnvimatis.com\\\/no\\\/helseministeren-mener-sykehusene-ma-jobbe-smartere\\\/#primaryimage\"},\"thumbnailUrl\":\"https:\\\/\\\/dnvimatis.com\\\/no\\\/wp-content\\\/uploads\\\/sites\\\/2\\\/2024\\\/01\\\/Ingvild-Kjerkol.jpg\",\"articleSection\":[\"Uncategorized\"],\"inLanguage\":\"nb-NO\"},{\"@type\":\"WebPage\",\"@id\":\"https:\\\/\\\/dnvimatis.com\\\/no\\\/helseministeren-mener-sykehusene-ma-jobbe-smartere\\\/\",\"url\":\"https:\\\/\\\/dnvimatis.com\\\/no\\\/helseministeren-mener-sykehusene-ma-jobbe-smartere\\\/\",\"name\":\"Helseministeren mener sykehusene m\u00e5 jobbe smartere - DNV Imatis\",\"isPartOf\":{\"@id\":\"https:\\\/\\\/dnvimatis.com\\\/no\\\/#website\"},\"primaryImageOfPage\":{\"@id\":\"https:\\\/\\\/dnvimatis.com\\\/no\\\/helseministeren-mener-sykehusene-ma-jobbe-smartere\\\/#primaryimage\"},\"image\":{\"@id\":\"https:\\\/\\\/dnvimatis.com\\\/no\\\/helseministeren-mener-sykehusene-ma-jobbe-smartere\\\/#primaryimage\"},\"thumbnailUrl\":\"https:\\\/\\\/dnvimatis.com\\\/no\\\/wp-content\\\/uploads\\\/sites\\\/2\\\/2024\\\/01\\\/Ingvild-Kjerkol.jpg\",\"datePublished\":\"2024-01-19T11:02:55+00:00\",\"dateModified\":\"2024-01-19T11:10:37+00:00\",\"description\":\"Helseministeren mener sykehusene m\u00e5 jobbe smartere og flytte flere oppgaver fra sykepleiere til fagarbeidere. Det finnes l\u00f8sninger.\",\"breadcrumb\":{\"@id\":\"https:\\\/\\\/dnvimatis.com\\\/no\\\/helseministeren-mener-sykehusene-ma-jobbe-smartere\\\/#breadcrumb\"},\"inLanguage\":\"nb-NO\",\"potentialAction\":[{\"@type\":\"ReadAction\",\"target\":[\"https:\\\/\\\/dnvimatis.com\\\/no\\\/helseministeren-mener-sykehusene-ma-jobbe-smartere\\\/\"]}]},{\"@type\":\"ImageObject\",\"inLanguage\":\"nb-NO\",\"@id\":\"https:\\\/\\\/dnvimatis.com\\\/no\\\/helseministeren-mener-sykehusene-ma-jobbe-smartere\\\/#primaryimage\",\"url\":\"https:\\\/\\\/dnvimatis.com\\\/no\\\/wp-content\\\/uploads\\\/sites\\\/2\\\/2024\\\/01\\\/Ingvild-Kjerkol.jpg\",\"contentUrl\":\"https:\\\/\\\/dnvimatis.com\\\/no\\\/wp-content\\\/uploads\\\/sites\\\/2\\\/2024\\\/01\\\/Ingvild-Kjerkol.jpg\",\"width\":2048,\"height\":1152,\"caption\":\"Helseministeren mener sykehusene m\u00e5 jobbe smartere\"},{\"@type\":\"BreadcrumbList\",\"@id\":\"https:\\\/\\\/dnvimatis.com\\\/no\\\/helseministeren-mener-sykehusene-ma-jobbe-smartere\\\/#breadcrumb\",\"itemListElement\":[{\"@type\":\"ListItem\",\"position\":1,\"name\":\"Home\",\"item\":\"https:\\\/\\\/dnvimatis.com\\\/no\\\/\"},{\"@type\":\"ListItem\",\"position\":2,\"name\":\"Helseministeren mener sykehusene m\u00e5 jobbe smartere\"}]},{\"@type\":\"WebSite\",\"@id\":\"https:\\\/\\\/dnvimatis.com\\\/no\\\/#website\",\"url\":\"https:\\\/\\\/dnvimatis.com\\\/no\\\/\",\"name\":\"DNV Imatis.no\",\"description\":\"A game changer in healthcare solutions\",\"publisher\":{\"@id\":\"https:\\\/\\\/dnvimatis.com\\\/no\\\/#organization\"},\"potentialAction\":[{\"@type\":\"SearchAction\",\"target\":{\"@type\":\"EntryPoint\",\"urlTemplate\":\"https:\\\/\\\/dnvimatis.com\\\/no\\\/?s={search_term_string}\"},\"query-input\":{\"@type\":\"PropertyValueSpecification\",\"valueRequired\":true,\"valueName\":\"search_term_string\"}}],\"inLanguage\":\"nb-NO\"},{\"@type\":\"Organization\",\"@id\":\"https:\\\/\\\/dnvimatis.com\\\/no\\\/#organization\",\"name\":\"DNV Imatis.no\",\"url\":\"https:\\\/\\\/dnvimatis.com\\\/no\\\/\",\"logo\":{\"@type\":\"ImageObject\",\"inLanguage\":\"nb-NO\",\"@id\":\"https:\\\/\\\/dnvimatis.com\\\/no\\\/#\\\/schema\\\/logo\\\/image\\\/\",\"url\":\"https:\\\/\\\/dnvimatis.com\\\/no\\\/wp-content\\\/uploads\\\/sites\\\/2\\\/2022\\\/02\\\/DNV-Imatis-logo_color-white_RGB.svg\",\"contentUrl\":\"https:\\\/\\\/dnvimatis.com\\\/no\\\/wp-content\\\/uploads\\\/sites\\\/2\\\/2022\\\/02\\\/DNV-Imatis-logo_color-white_RGB.svg\",\"width\":680,\"height\":100,\"caption\":\"DNV Imatis.no\"},\"image\":{\"@id\":\"https:\\\/\\\/dnvimatis.com\\\/no\\\/#\\\/schema\\\/logo\\\/image\\\/\"}},{\"@type\":\"Person\",\"@id\":\"https:\\\/\\\/dnvimatis.com\\\/no\\\/#\\\/schema\\\/person\\\/67de0c20ec0b725bc489285daf3f1817\",\"name\":\"cesiliekullerud\",\"image\":{\"@type\":\"ImageObject\",\"inLanguage\":\"nb-NO\",\"@id\":\"https:\\\/\\\/secure.gravatar.com\\\/avatar\\\/066f4a034e49a21b18d844b8e1ed9486b78d20b8e1ccc5e14fb700489032fd76?s=96&d=mm&r=g\",\"url\":\"https:\\\/\\\/secure.gravatar.com\\\/avatar\\\/066f4a034e49a21b18d844b8e1ed9486b78d20b8e1ccc5e14fb700489032fd76?s=96&d=mm&r=g\",\"contentUrl\":\"https:\\\/\\\/secure.gravatar.com\\\/avatar\\\/066f4a034e49a21b18d844b8e1ed9486b78d20b8e1ccc5e14fb700489032fd76?s=96&d=mm&r=g\",\"caption\":\"cesiliekullerud\"},\"url\":\"https:\\\/\\\/dnvimatis.com\\\/no\\\/author\\\/cesiliekullerud\\\/\"}]}<\/script>\n<!-- \/ Yoast SEO Premium plugin. -->","yoast_head_json":{"title":"Helseministeren mener sykehusene m\u00e5 jobbe smartere - DNV Imatis","description":"Helseministeren mener sykehusene m\u00e5 jobbe smartere og flytte flere oppgaver fra sykepleiere til fagarbeidere. Det finnes l\u00f8sninger.","robots":{"index":"index","follow":"follow","max-snippet":"max-snippet:-1","max-image-preview":"max-image-preview:large","max-video-preview":"max-video-preview:-1"},"canonical":"https:\/\/dnvimatis.com\/no\/helseministeren-mener-sykehusene-ma-jobbe-smartere\/","og_locale":"nb_NO","og_type":"article","og_title":"Helseministeren mener sykehusene m\u00e5 jobbe smartere","og_description":"Helseministeren mener sykehusene m\u00e5 jobbe smartere og flytte flere oppgaver fra sykepleiere til fagarbeidere. Det finnes l\u00f8sninger.","og_url":"https:\/\/dnvimatis.com\/no\/helseministeren-mener-sykehusene-ma-jobbe-smartere\/","og_site_name":"DNV Imatis.no","article_published_time":"2024-01-19T11:02:55+00:00","article_modified_time":"2024-01-19T11:10:37+00:00","og_image":[{"width":2048,"height":1152,"url":"https:\/\/dnvimatis.com\/no\/wp-content\/uploads\/sites\/2\/2024\/01\/Ingvild-Kjerkol.jpg","type":"image\/jpeg"}],"author":"cesiliekullerud","twitter_card":"summary_large_image","twitter_misc":{"Skrevet av":"cesiliekullerud","Ansl. lesetid":"4 minutter"},"schema":{"@context":"https:\/\/schema.org","@graph":[{"@type":"Article","@id":"https:\/\/dnvimatis.com\/no\/helseministeren-mener-sykehusene-ma-jobbe-smartere\/#article","isPartOf":{"@id":"https:\/\/dnvimatis.com\/no\/helseministeren-mener-sykehusene-ma-jobbe-smartere\/"},"author":{"name":"cesiliekullerud","@id":"https:\/\/dnvimatis.com\/no\/#\/schema\/person\/67de0c20ec0b725bc489285daf3f1817"},"headline":"Helseministeren mener sykehusene m\u00e5 jobbe smartere","datePublished":"2024-01-19T11:02:55+00:00","dateModified":"2024-01-19T11:10:37+00:00","mainEntityOfPage":{"@id":"https:\/\/dnvimatis.com\/no\/helseministeren-mener-sykehusene-ma-jobbe-smartere\/"},"wordCount":693,"commentCount":0,"publisher":{"@id":"https:\/\/dnvimatis.com\/no\/#organization"},"image":{"@id":"https:\/\/dnvimatis.com\/no\/helseministeren-mener-sykehusene-ma-jobbe-smartere\/#primaryimage"},"thumbnailUrl":"https:\/\/dnvimatis.com\/no\/wp-content\/uploads\/sites\/2\/2024\/01\/Ingvild-Kjerkol.jpg","articleSection":["Uncategorized"],"inLanguage":"nb-NO"},{"@type":"WebPage","@id":"https:\/\/dnvimatis.com\/no\/helseministeren-mener-sykehusene-ma-jobbe-smartere\/","url":"https:\/\/dnvimatis.com\/no\/helseministeren-mener-sykehusene-ma-jobbe-smartere\/","name":"Helseministeren mener sykehusene m\u00e5 jobbe smartere - DNV Imatis","isPartOf":{"@id":"https:\/\/dnvimatis.com\/no\/#website"},"primaryImageOfPage":{"@id":"https:\/\/dnvimatis.com\/no\/helseministeren-mener-sykehusene-ma-jobbe-smartere\/#primaryimage"},"image":{"@id":"https:\/\/dnvimatis.com\/no\/helseministeren-mener-sykehusene-ma-jobbe-smartere\/#primaryimage"},"thumbnailUrl":"https:\/\/dnvimatis.com\/no\/wp-content\/uploads\/sites\/2\/2024\/01\/Ingvild-Kjerkol.jpg","datePublished":"2024-01-19T11:02:55+00:00","dateModified":"2024-01-19T11:10:37+00:00","description":"Helseministeren mener sykehusene m\u00e5 jobbe smartere og flytte flere oppgaver fra sykepleiere til fagarbeidere. Det finnes l\u00f8sninger.","breadcrumb":{"@id":"https:\/\/dnvimatis.com\/no\/helseministeren-mener-sykehusene-ma-jobbe-smartere\/#breadcrumb"},"inLanguage":"nb-NO","potentialAction":[{"@type":"ReadAction","target":["https:\/\/dnvimatis.com\/no\/helseministeren-mener-sykehusene-ma-jobbe-smartere\/"]}]},{"@type":"ImageObject","inLanguage":"nb-NO","@id":"https:\/\/dnvimatis.com\/no\/helseministeren-mener-sykehusene-ma-jobbe-smartere\/#primaryimage","url":"https:\/\/dnvimatis.com\/no\/wp-content\/uploads\/sites\/2\/2024\/01\/Ingvild-Kjerkol.jpg","contentUrl":"https:\/\/dnvimatis.com\/no\/wp-content\/uploads\/sites\/2\/2024\/01\/Ingvild-Kjerkol.jpg","width":2048,"height":1152,"caption":"Helseministeren mener sykehusene m\u00e5 jobbe smartere"},{"@type":"BreadcrumbList","@id":"https:\/\/dnvimatis.com\/no\/helseministeren-mener-sykehusene-ma-jobbe-smartere\/#breadcrumb","itemListElement":[{"@type":"ListItem","position":1,"name":"Home","item":"https:\/\/dnvimatis.com\/no\/"},{"@type":"ListItem","position":2,"name":"Helseministeren mener sykehusene m\u00e5 jobbe smartere"}]},{"@type":"WebSite","@id":"https:\/\/dnvimatis.com\/no\/#website","url":"https:\/\/dnvimatis.com\/no\/","name":"DNV Imatis.no","description":"A game changer in healthcare solutions","publisher":{"@id":"https:\/\/dnvimatis.com\/no\/#organization"},"potentialAction":[{"@type":"SearchAction","target":{"@type":"EntryPoint","urlTemplate":"https:\/\/dnvimatis.com\/no\/?s={search_term_string}"},"query-input":{"@type":"PropertyValueSpecification","valueRequired":true,"valueName":"search_term_string"}}],"inLanguage":"nb-NO"},{"@type":"Organization","@id":"https:\/\/dnvimatis.com\/no\/#organization","name":"DNV Imatis.no","url":"https:\/\/dnvimatis.com\/no\/","logo":{"@type":"ImageObject","inLanguage":"nb-NO","@id":"https:\/\/dnvimatis.com\/no\/#\/schema\/logo\/image\/","url":"https:\/\/dnvimatis.com\/no\/wp-content\/uploads\/sites\/2\/2022\/02\/DNV-Imatis-logo_color-white_RGB.svg","contentUrl":"https:\/\/dnvimatis.com\/no\/wp-content\/uploads\/sites\/2\/2022\/02\/DNV-Imatis-logo_color-white_RGB.svg","width":680,"height":100,"caption":"DNV Imatis.no"},"image":{"@id":"https:\/\/dnvimatis.com\/no\/#\/schema\/logo\/image\/"}},{"@type":"Person","@id":"https:\/\/dnvimatis.com\/no\/#\/schema\/person\/67de0c20ec0b725bc489285daf3f1817","name":"cesiliekullerud","image":{"@type":"ImageObject","inLanguage":"nb-NO","@id":"https:\/\/secure.gravatar.com\/avatar\/066f4a034e49a21b18d844b8e1ed9486b78d20b8e1ccc5e14fb700489032fd76?s=96&d=mm&r=g","url":"https:\/\/secure.gravatar.com\/avatar\/066f4a034e49a21b18d844b8e1ed9486b78d20b8e1ccc5e14fb700489032fd76?s=96&d=mm&r=g","contentUrl":"https:\/\/secure.gravatar.com\/avatar\/066f4a034e49a21b18d844b8e1ed9486b78d20b8e1ccc5e14fb700489032fd76?s=96&d=mm&r=g","caption":"cesiliekullerud"},"url":"https:\/\/dnvimatis.com\/no\/author\/cesiliekullerud\/"}]}},"publishpress_future_action":{"enabled":false,"date":"2026-05-08 13:18:42","action":"change-status","newStatus":"draft","terms":[],"taxonomy":"category","extraData":[]},"publishpress_future_workflow_manual_trigger":{"enabledWorkflows":[]},"_links":{"self":[{"href":"https:\/\/dnvimatis.com\/no\/wp-json\/wp\/v2\/posts\/10851","targetHints":{"allow":["GET"]}}],"collection":[{"href":"https:\/\/dnvimatis.com\/no\/wp-json\/wp\/v2\/posts"}],"about":[{"href":"https:\/\/dnvimatis.com\/no\/wp-json\/wp\/v2\/types\/post"}],"author":[{"embeddable":true,"href":"https:\/\/dnvimatis.com\/no\/wp-json\/wp\/v2\/users\/2"}],"replies":[{"embeddable":true,"href":"https:\/\/dnvimatis.com\/no\/wp-json\/wp\/v2\/comments?post=10851"}],"version-history":[{"count":4,"href":"https:\/\/dnvimatis.com\/no\/wp-json\/wp\/v2\/posts\/10851\/revisions"}],"predecessor-version":[{"id":10855,"href":"https:\/\/dnvimatis.com\/no\/wp-json\/wp\/v2\/posts\/10851\/revisions\/10855"}],"wp:featuredmedia":[{"embeddable":true,"href":"https:\/\/dnvimatis.com\/no\/wp-json\/wp\/v2\/media\/10840"}],"wp:attachment":[{"href":"https:\/\/dnvimatis.com\/no\/wp-json\/wp\/v2\/media?parent=10851"}],"wp:term":[{"taxonomy":"category","embeddable":true,"href":"https:\/\/dnvimatis.com\/no\/wp-json\/wp\/v2\/categories?post=10851"},{"taxonomy":"post_tag","embeddable":true,"href":"https:\/\/dnvimatis.com\/no\/wp-json\/wp\/v2\/tags?post=10851"}],"curies":[{"name":"wp","href":"https:\/\/api.w.org\/{rel}","templated":true}]}}